{"id":3890,"date":"2019-06-25T12:35:01","date_gmt":"2019-06-25T10:35:01","guid":{"rendered":"https:\/\/www.vrastudio.it\/?p=3890"},"modified":"2023-03-15T12:16:49","modified_gmt":"2023-03-15T11:16:49","slug":"studi_legali_sempre_piu_grandi_il_2019_anno_delle_aggregazioni","status":"publish","type":"post","link":"https:\/\/vrastudio.it\/en\/studi_legali_sempre_piu_grandi_il_2019_anno_delle_aggregazioni\/","title":{"rendered":"Studi legali sempre pi\u00f9 grandi. Il 2019 \u00e8 l&#8217;anno delle aggregazioni &#8211; Italia Oggi &#8211;"},"content":{"rendered":"<p>Antonio Ranalli ha condotto per Italia Oggi un&#8217;indagine sulle aggregazioni professionali nate durante il 2019.<\/p>\n<p>Il 2019 si prospetta come l&#8217;anno delle fusioni tra studi legali. Gli ultimi mesi sono stati caratterizzati da un inedita vivacit\u00e0 del mercato legale. Aspetto che in passato riguardava soprattutto i grandi studi internazionali che, nel momento in cui si apprestavano ad aprire sedi in Italia, molte volte procedevano all accorpamento di studi gi\u00e0 esistenti e con cui c erano gi\u00e0 un rapporto di collaborazione. Un fenomeno che invece oggi riguarda soprattutto realt\u00e0 di varie dimensioni, con una vivacit\u00e0 anche nelle realt\u00e0 di provincia, sempre con l obiettivo di crescere ed espandersi sul mercato.<br \/>\n&#8230;<br \/>\nAll inizio di quest anno lo studio Villa &amp; Villa e Associati e lo studio Roveda e Associati hanno dato vita a una nuova Associazione Professionale, Villa Roveda e Associati (VRA) con uffici a Milano e a Lodi. Un organizzazione composta da 20 professionisti (commercialisti, avvocati e consulenti del lavoro) di cui sei soci e circa trenta collaboratori.<br \/>\n\u00abVRA \u00e8 uno Studio che nasce nel solco di una consolidata tradizione professionale, potendo contare su oltre 70 anni di storia\u00bb; spiega<strong> Emiliano Villa<\/strong>, managing partner di Villa Roveda e Associati. \u00abAbbiamo realizzato un progetto che prosegue, innovando, l esperienza di tre generazioni di professionisti e combina le diverse competenze esistenti in un unica realt\u00e0 integrata. I clienti apprezzano il fatto di potersi rivolgere a un unico interlocutore che diviene cos\u00ec il punto di riferimento per realt\u00e0 imprenditoriali domestiche e per branch italiane di realt\u00e0 multinazionali. L&#8217;unione dei due studi ci ha anche permesso di raggiungere un pi\u00f9 alto livello di efficienza, anche grazie alla completa digitalizzazione dei processi. Elementi fondanti che hanno contribuito all unione tra i due studi sono la condivisione dei valori e dell approccio alla professione\u00bb.<\/p>\n<p><a href=\"https:\/\/vrastudio.it\/pdf\/rassegna_stampa\/Italia_Oggi_Sette_34-35_20190623220000.pdf\">Clicca qui per leggere l&#8217;articolo completo in formato PDF<\/a><\/p>","protected":false},"excerpt":{"rendered":"<p>Antonio Ranalli ha condotto per Italia Oggi un&#8217;indagine sulle aggregazioni professionali nate durante il 2019. Il 2019 si prospetta come l&#8217;anno delle fusioni tra studi legali. Gli ultimi mesi sono stati caratterizzati da un inedita vivacit\u00e0 del mercato legale. Aspetto che in passato riguardava soprattutto i grandi studi internazionali che, nel momento in cui si [&hellip;]<\/p>\n","protected":false},"author":1,"featured_media":8114,"comment_status":"closed","ping_status":"closed","sticky":false,"template":"","format":"standard","meta":{"_et_pb_use_builder":"","_et_pb_old_content":"","_et_gb_content_width":"","footnotes":""},"categories":[20],"tags":[],"class_list":["post-3890","post","type-post","status-publish","format-standard","has-post-thumbnail","hentry","category-rassegna-stampa"],"_links":{"self":[{"href":"https:\/\/vrastudio.it\/en\/wp-json\/wp\/v2\/posts\/3890","targetHints":{"allow":["GET"]}}],"collection":[{"href":"https:\/\/vrastudio.it\/en\/wp-json\/wp\/v2\/posts"}],"about":[{"href":"https:\/\/vrastudio.it\/en\/wp-json\/wp\/v2\/types\/post"}],"author":[{"embeddable":true,"href":"https:\/\/vrastudio.it\/en\/wp-json\/wp\/v2\/users\/1"}],"replies":[{"embeddable":true,"href":"https:\/\/vrastudio.it\/en\/wp-json\/wp\/v2\/comments?post=3890"}],"version-history":[{"count":2,"href":"https:\/\/vrastudio.it\/en\/wp-json\/wp\/v2\/posts\/3890\/revisions"}],"predecessor-version":[{"id":9005,"href":"https:\/\/vrastudio.it\/en\/wp-json\/wp\/v2\/posts\/3890\/revisions\/9005"}],"wp:featuredmedia":[{"embeddable":true,"href":"https:\/\/vrastudio.it\/en\/wp-json\/wp\/v2\/media\/8114"}],"wp:attachment":[{"href":"https:\/\/vrastudio.it\/en\/wp-json\/wp\/v2\/media?parent=3890"}],"wp:term":[{"taxonomy":"category","embeddable":true,"href":"https:\/\/vrastudio.it\/en\/wp-json\/wp\/v2\/categories?post=3890"},{"taxonomy":"post_tag","embeddable":true,"href":"https:\/\/vrastudio.it\/en\/wp-json\/wp\/v2\/tags?post=3890"}],"curies":[{"name":"wp","href":"https:\/\/api.w.org\/{rel}","templated":true}]}}